{"id":66,"date":"2023-12-30T06:55:29","date_gmt":"2023-12-30T09:55:29","guid":{"rendered":"https:\/\/www.ccba.org.br\/agriculturaurbana\/?p=66"},"modified":"2024-09-17T00:52:12","modified_gmt":"2024-09-17T03:52:12","slug":"horta-marielle-braco-forte-ocupacao-8-de-marco-mtst-boa-viagem-recife","status":"publish","type":"post","link":"https:\/\/www.ccba.org.br\/agriculturaurbana\/2023\/12\/30\/horta-marielle-braco-forte-ocupacao-8-de-marco-mtst-boa-viagem-recife\/","title":{"rendered":"HORTA MARIELLE BRA\u00c7O FORTE &#8211; OCUPA\u00c7\u00c3O 8 DE MAR\u00c7O (MTST) &#8211; SET\u00daBAL\/RECIFE"},"content":{"rendered":"\n<figure class=\"wp-block-embed is-type-video is-provider-youtube wp-block-embed-youtube wp-embed-aspect-16-9 wp-has-aspect-ratio\"><div class=\"wp-block-embed__wrapper\">\n<iframe loading=\"lazy\" title=\"HORTA MARIELLE BRA\u00c7O FORTE \u2013 OCUPA\u00c7\u00c3O 8 DE MAR\u00c7O (MTST) \u2013 SET\u00daBAL\/Recife - Agricultura Urbana na RMR\" width=\"700\" height=\"394\" src=\"https:\/\/www.youtube.com\/embed\/xW8Lcjcwzy4?feature=oembed\" frameborder=\"0\" allow=\"accelerometer; autoplay; clipboard-write; encrypted-media; gyroscope; picture-in-picture; web-share\" referrerpolicy=\"strict-origin-when-cross-origin\" allowfullscreen><\/iframe>\n<\/div><\/figure>\n\n\n\n<p>A Horta Marielle Bra\u00e7o Forte foi criada por moradores de uma das ocupa\u00e7\u00f5es do MTST (Movimento dos Trabalhadores Sem-Teto), Ocupa\u00e7\u00e3o 8 de Mar\u00e7o. A ocupa\u00e7\u00e3o teve in\u00edcio h\u00e1 cerca de 2 anos, durante a pandemia da COVID-19, em um terreno privado e abandonado h\u00e1 mais de 40 anos. Trata-se de uma das \u00e1reas de maior especula\u00e7\u00e3o imobili\u00e1ria da cidade do Recife, no bairro de Set\u00fabal, zona sul da cidade.<\/p>\n\n\n\n<p>Por ser liderada por mulheres, a Ocupa\u00e7\u00e3o 8 de Mar\u00e7o recebeu esse nome devido ao Dia Internacional da Mulher e a Horta Marielle Bra\u00e7o Forte em homenagem \u00e0 Marielle Franco, vereadora e soci\u00f3loga assassinada por motivos pol\u00edticos no Rio de Janeiro.Thamiris Santos, uma das coordenadoras da ocupa\u00e7\u00e3o e integrante da Articula\u00e7\u00e3o de Agroecologia, Agricultura Urbana e Periurbana da Regi\u00e3o Metropolitana do Recife (AUP RMR), comenta que todos os trabalhos no local s\u00e3o realizados por mulheres, desde os mais pesados (como a constru\u00e7\u00e3o do banheiro coletivo) aos mais leves. E diz que durante os mutir\u00f5es, todos s\u00e3o chamados, mas quem aparece para colaborar s\u00e3o sempre as mulheres.<\/p>\n\n\n\n<div class=\"wp-block-carousel-slider-slider\"><div class=\"carousel-slider-outer carousel-slider-outer-image-carousel carousel-slider-outer-119\" style=\"--carousel-slider-nav-color:#f1f1f1;--carousel-slider-active-nav-color:#00d1b2;--carousel-slider-arrow-size:48px;--carousel-slider-bullet-size:10px\">\n<div id=\"&#039;id-119\" class=\"carousel-slider carousel-slider-119 arrows-visibility-always dots-visibility-always arrows-outside dots-center dots-circle owl-carousel\" data-slide-type=\"image-carousel\" data-owl-settings='{\"nav\":true,\"dots\":true,\"slideBy\":1,\"stagePadding\":0,\"margin\":10,\"loop\":true,\"lazyLoad\":false,\"autoplay\":true,\"autoplayTimeout\":5000,\"autoplaySpeed\":500,\"autoplayHoverPause\":true,\"autoWidth\":false,\"items\":1}'>\n<div class=\"carousel-slider__item\">\n\t<img loading=\"lazy\" decoding=\"async\" width=\"1920\" height=\"1280\" src=\"https:\/\/www.ccba.org.br\/agriculturaurbana\/wp-content\/uploads\/2023\/12\/05_HORTA_MARIELLE_Thamires-Santos-uma-das-coordenadoras-da-Ocupacao-8-de-Marco.jpg\" class=\"attachment-full size-full\" alt=\"\" srcset=\"https:\/\/www.ccba.org.br\/agriculturaurbana\/wp-content\/uploads\/2023\/12\/05_HORTA_MARIELLE_Thamires-Santos-uma-das-coordenadoras-da-Ocupacao-8-de-Marco.jpg 1920w, https:\/\/www.ccba.org.br\/agriculturaurbana\/wp-content\/uploads\/2023\/12\/05_HORTA_MARIELLE_Thamires-Santos-uma-das-coordenadoras-da-Ocupacao-8-de-Marco-300x200.jpg 300w, https:\/\/www.ccba.org.br\/agriculturaurbana\/wp-content\/uploads\/2023\/12\/05_HORTA_MARIELLE_Thamires-Santos-uma-das-coordenadoras-da-Ocupacao-8-de-Marco-1024x683.jpg 1024w, https:\/\/www.ccba.org.br\/agriculturaurbana\/wp-content\/uploads\/2023\/12\/05_HORTA_MARIELLE_Thamires-Santos-uma-das-coordenadoras-da-Ocupacao-8-de-Marco-768x512.jpg 768w, https:\/\/www.ccba.org.br\/agriculturaurbana\/wp-content\/uploads\/2023\/12\/05_HORTA_MARIELLE_Thamires-Santos-uma-das-coordenadoras-da-Ocupacao-8-de-Marco-1536x1024.jpg 1536w, https:\/\/www.ccba.org.br\/agriculturaurbana\/wp-content\/uploads\/2023\/12\/05_HORTA_MARIELLE_Thamires-Santos-uma-das-coordenadoras-da-Ocupacao-8-de-Marco-1140x760.jpg 1140w\" sizes=\"auto, (max-width: 1920px) 100vw, 1920px\" \/><\/a><\/div>\n\n<div class=\"carousel-slider__item\">\n\t<img loading=\"lazy\" decoding=\"async\" width=\"1920\" height=\"1280\" src=\"https:\/\/www.ccba.org.br\/agriculturaurbana\/wp-content\/uploads\/2023\/12\/05_HORTA_MARIELLE_Horta-Marielle-Braco-Forte-Ocupacao-8-de-Marco.jpg\" class=\"attachment-full size-full\" alt=\"\" srcset=\"https:\/\/www.ccba.org.br\/agriculturaurbana\/wp-content\/uploads\/2023\/12\/05_HORTA_MARIELLE_Horta-Marielle-Braco-Forte-Ocupacao-8-de-Marco.jpg 1920w, https:\/\/www.ccba.org.br\/agriculturaurbana\/wp-content\/uploads\/2023\/12\/05_HORTA_MARIELLE_Horta-Marielle-Braco-Forte-Ocupacao-8-de-Marco-300x200.jpg 300w, https:\/\/www.ccba.org.br\/agriculturaurbana\/wp-content\/uploads\/2023\/12\/05_HORTA_MARIELLE_Horta-Marielle-Braco-Forte-Ocupacao-8-de-Marco-1024x683.jpg 1024w, https:\/\/www.ccba.org.br\/agriculturaurbana\/wp-content\/uploads\/2023\/12\/05_HORTA_MARIELLE_Horta-Marielle-Braco-Forte-Ocupacao-8-de-Marco-768x512.jpg 768w, https:\/\/www.ccba.org.br\/agriculturaurbana\/wp-content\/uploads\/2023\/12\/05_HORTA_MARIELLE_Horta-Marielle-Braco-Forte-Ocupacao-8-de-Marco-1536x1024.jpg 1536w, https:\/\/www.ccba.org.br\/agriculturaurbana\/wp-content\/uploads\/2023\/12\/05_HORTA_MARIELLE_Horta-Marielle-Braco-Forte-Ocupacao-8-de-Marco-1140x760.jpg 1140w\" sizes=\"auto, (max-width: 1920px) 100vw, 1920px\" \/><\/a><\/div>\n\n<\/div><!-- .carousel-slider-119 -->\n<\/div><!-- .carousel-slider-outer-119 -->\n<\/div>\n\n\n\n<p>A Horta Marielle Bra\u00e7o Forte foi criada pela necessidade de complementar a alimenta\u00e7\u00e3o dos ocupantes, que est\u00e3o em situa\u00e7\u00e3o de vulnerabilidade social pela falta de oportunidades de emprego e pelo sistema desigual de distribui\u00e7\u00e3o de renda. A horta foi constru\u00edda onde antes havia uma cozinha solid\u00e1ria (desativada por falta de recursos) e \u00e9 um local tamb\u00e9m para a socializa\u00e7\u00e3o e espa\u00e7o de aprendizagem na ocupa\u00e7\u00e3o.<\/p>\n\n\n\n<p>Rosilene Domingos participa ativamente da horta e diz que a rotina de estar em contato com a natureza contribuiu com a melhora da ansiedade e fez com que ela fizesse amigos no local.<\/p>\n\n\n\n<p>\u201c Mudou muito minha vida, eu era uma pessoa muito fechada. Era do trabalho para casa e de casa para o trabalho. A partir do momento que conheci a horta, conheci as pessoas, fui melhorando minhas crises de ansiedade e recebi apoio das pessoas. Foi uma alegria. Conheci outras comunidades, participei de interc\u00e2mbios, s\u00f3 tenho a agradecer.\u201d, diz Rosilene.<\/p>\n\n\n\n<p>A Horta Marielle Bra\u00e7o Forte foi uma das hortas beneficiadas pelo projeto de cria\u00e7\u00e3o e fortalecimento de hortas comunit\u00e1rias e de quintais produtivos, desenvolvido pelo Centro de Desenvolvimento Agroecol\u00f3gico Sabi\u00e1, em parceria com a Casa Mulher do Nordeste e a organiza\u00e7\u00e3o n\u00e3o governamental Fase. A iniciativa \u00e9 resultado da emenda parlamentar do deputado federal T\u00falio Gadelha (Rede), aprovada por meio do Termo de Fomento do Minist\u00e9rio da Agricultura, Pecu\u00e1ria e Abastecimento. O projeto tamb\u00e9m tem apoio da organiza\u00e7\u00e3o Misereor. Saiba mais:<\/p>\n\n\n\n<figure class=\"wp-block-embed is-type-wp-embed is-provider-marco-zero-conte-do wp-block-embed-marco-zero-conte-do\"><div class=\"wp-block-embed__wrapper\">\n<blockquote class=\"wp-embedded-content\" data-secret=\"eZUvW6eGAH\"><a href=\"https:\/\/marcozero.org\/projeto-cria-hortas-comunitarias-e-quintais-produtivos-em-terrenos-baldios-do-grande-recife\/\">Projeto cria hortas comunit\u00e1rias e quintais produtivos em terrenos baldios do Grande Recife<\/a><\/blockquote><iframe loading=\"lazy\" class=\"wp-embedded-content\" sandbox=\"allow-scripts\" security=\"restricted\" style=\"position: absolute; clip: rect(1px, 1px, 1px, 1px);\" title=\"&#8220;Projeto cria hortas comunit\u00e1rias e quintais produtivos em terrenos baldios do Grande Recife&#8221; &#8212; Marco Zero Conte\u00fado\" src=\"https:\/\/marcozero.org\/projeto-cria-hortas-comunitarias-e-quintais-produtivos-em-terrenos-baldios-do-grande-recife\/embed\/#?secret=fRQtfYTkGA#?secret=eZUvW6eGAH\" data-secret=\"eZUvW6eGAH\" width=\"600\" height=\"338\" frameborder=\"0\" marginwidth=\"0\" marginheight=\"0\" scrolling=\"no\"><\/iframe>\n<\/div><\/figure>\n\n\n\n<p><strong>Instagram da Ocupa\u00e7\u00e3o 8 de Mar\u00e7o: <\/strong><a href=\"https:\/\/www.instagram.com\/a_luta_e_pra_valer_\/\">https:\/\/www.instagram.com\/a_luta_e_pra_valer_\/<\/a><\/p>\n","protected":false},"excerpt":{"rendered":"<p class=\"post-excerpt\">A Horta Marielle Bra\u00e7o Forte foi criada por moradores de uma das ocupa\u00e7\u00f5es do MTST (Movimento dos Trabalhadores Sem-Teto), Ocupa\u00e7\u00e3o&#8230;<\/p>\n","protected":false},"author":1,"featured_media":67,"comment_status":"closed","ping_status":"open","sticky":false,"template":"","format":"standard","meta":{"footnotes":""},"categories":[2],"tags":[],"class_list":["post-66","post","type-post","status-publish","format-standard","has-post-thumbnail","hentry","category-projetos"],"_links":{"self":[{"href":"https:\/\/www.ccba.org.br\/agriculturaurbana\/wp-json\/wp\/v2\/posts\/66","targetHints":{"allow":["GET"]}}],"collection":[{"href":"https:\/\/www.ccba.org.br\/agriculturaurbana\/wp-json\/wp\/v2\/posts"}],"about":[{"href":"https:\/\/www.ccba.org.br\/agriculturaurbana\/wp-json\/wp\/v2\/types\/post"}],"author":[{"embeddable":true,"href":"https:\/\/www.ccba.org.br\/agriculturaurbana\/wp-json\/wp\/v2\/users\/1"}],"replies":[{"embeddable":true,"href":"https:\/\/www.ccba.org.br\/agriculturaurbana\/wp-json\/wp\/v2\/comments?post=66"}],"version-history":[{"count":7,"href":"https:\/\/www.ccba.org.br\/agriculturaurbana\/wp-json\/wp\/v2\/posts\/66\/revisions"}],"predecessor-version":[{"id":197,"href":"https:\/\/www.ccba.org.br\/agriculturaurbana\/wp-json\/wp\/v2\/posts\/66\/revisions\/197"}],"wp:featuredmedia":[{"embeddable":true,"href":"https:\/\/www.ccba.org.br\/agriculturaurbana\/wp-json\/wp\/v2\/media\/67"}],"wp:attachment":[{"href":"https:\/\/www.ccba.org.br\/agriculturaurbana\/wp-json\/wp\/v2\/media?parent=66"}],"wp:term":[{"taxonomy":"category","embeddable":true,"href":"https:\/\/www.ccba.org.br\/agriculturaurbana\/wp-json\/wp\/v2\/categories?post=66"},{"taxonomy":"post_tag","embeddable":true,"href":"https:\/\/www.ccba.org.br\/agriculturaurbana\/wp-json\/wp\/v2\/tags?post=66"}],"curies":[{"name":"wp","href":"https:\/\/api.w.org\/{rel}","templated":true}]}}