{"id":58,"date":"2023-12-30T06:45:41","date_gmt":"2023-12-30T09:45:41","guid":{"rendered":"https:\/\/www.ccba.org.br\/agriculturaurbana\/?p=58"},"modified":"2024-09-17T00:17:13","modified_gmt":"2024-09-17T03:17:13","slug":"cesam-centro-de-saude-alternativa-de-muribeca-jaboatao-dos-guararapes","status":"publish","type":"post","link":"https:\/\/www.ccba.org.br\/agriculturaurbana\/2023\/12\/30\/cesam-centro-de-saude-alternativa-de-muribeca-jaboatao-dos-guararapes\/","title":{"rendered":"CESAM (CENTRO DE SA\u00daDE ALTERNATIVA DE MURIBECA) &#8211; JABOAT\u00c3O DOS GUARARAPES"},"content":{"rendered":"\n<blockquote class=\"wp-block-quote is-layout-flow wp-block-quote-is-layout-flow\">\n<p>&#8220;Quando a gente sabe uma coisa boa e n\u00e3o passa para as pessoas, o conhecimento morre com a gente&#8221; <\/p>\n<cite>Giselda Alves da Silva, integrante do CESAM (Centro de Sa\u00fade Alternativa de Muribeca).<\/cite><\/blockquote>\n\n\n\n<figure class=\"wp-block-embed is-type-video is-provider-youtube wp-block-embed-youtube wp-embed-aspect-16-9 wp-has-aspect-ratio\"><div class=\"wp-block-embed__wrapper\">\n<iframe loading=\"lazy\" title=\"CESAM (CENTRO DE SA\u00daDE ALTERNATIVA DE MURIBECA) \u2013 JABOAT\u00c3O DOS GUARARAPES -  Agricultura Urbana RMR\" width=\"700\" height=\"394\" src=\"https:\/\/www.youtube.com\/embed\/WVxp5dABshI?feature=oembed\" frameborder=\"0\" allow=\"accelerometer; autoplay; clipboard-write; encrypted-media; gyroscope; picture-in-picture; web-share\" referrerpolicy=\"strict-origin-when-cross-origin\" allowfullscreen><\/iframe>\n<\/div><\/figure>\n\n\n\n<p>O Centro de Sa\u00fade Alternativa de Muribeca (CESAM) atua com o plantio, a manipula\u00e7\u00e3o de ervas medicinais e a comercializa\u00e7\u00e3o de fitoter\u00e1picos e faz parte da Associa\u00e7\u00e3o dos Manipuladores de Rem\u00e9dios Fitoter\u00e1picos Tradicionais Semi-artesanais de Pernambuco.<\/p>\n\n\n\n<p>&nbsp;Formado por um grupo de mulheres do bairro da Muribeca, no munic\u00edpio de Jaboat\u00e3o dos Guararapes, o centro teve seu in\u00edcio em meados de 1996, quando incentivadas pelo padre Paulo, donas de casa do bairro formaram um grupo de sa\u00fade, j\u00e1 que o posto de sa\u00fade da comunidade n\u00e3o dava conta das demandas do entorno.<\/p>\n\n\n\n<div class=\"wp-block-carousel-slider-slider\"><div class=\"carousel-slider-outer carousel-slider-outer-image-carousel carousel-slider-outer-113\" style=\"--carousel-slider-nav-color:#f1f1f1;--carousel-slider-active-nav-color:#00d1b2;--carousel-slider-arrow-size:48px;--carousel-slider-bullet-size:10px\">\n<div id=\"&#039;id-113\" class=\"carousel-slider carousel-slider-113 arrows-visibility-always dots-visibility-always arrows-inside dots-center dots-circle owl-carousel\" data-slide-type=\"image-carousel\" data-owl-settings='{\"nav\":true,\"dots\":true,\"slideBy\":1,\"stagePadding\":0,\"margin\":10,\"loop\":true,\"lazyLoad\":false,\"autoplay\":true,\"autoplayTimeout\":5000,\"autoplaySpeed\":500,\"autoplayHoverPause\":true,\"autoWidth\":false,\"items\":1}'>\n<div class=\"carousel-slider__item\">\n\t<img loading=\"lazy\" decoding=\"async\" width=\"1920\" height=\"1280\" src=\"https:\/\/www.ccba.org.br\/agriculturaurbana\/wp-content\/uploads\/2023\/12\/04_CESAM_Giselda-Alves-da-Silva-integrante-do-CESAM-Centro-de-Saude-Alternativa-de-Muribeca.jpg\" class=\"attachment-full size-full\" alt=\"\" srcset=\"https:\/\/www.ccba.org.br\/agriculturaurbana\/wp-content\/uploads\/2023\/12\/04_CESAM_Giselda-Alves-da-Silva-integrante-do-CESAM-Centro-de-Saude-Alternativa-de-Muribeca.jpg 1920w, https:\/\/www.ccba.org.br\/agriculturaurbana\/wp-content\/uploads\/2023\/12\/04_CESAM_Giselda-Alves-da-Silva-integrante-do-CESAM-Centro-de-Saude-Alternativa-de-Muribeca-300x200.jpg 300w, https:\/\/www.ccba.org.br\/agriculturaurbana\/wp-content\/uploads\/2023\/12\/04_CESAM_Giselda-Alves-da-Silva-integrante-do-CESAM-Centro-de-Saude-Alternativa-de-Muribeca-1024x683.jpg 1024w, https:\/\/www.ccba.org.br\/agriculturaurbana\/wp-content\/uploads\/2023\/12\/04_CESAM_Giselda-Alves-da-Silva-integrante-do-CESAM-Centro-de-Saude-Alternativa-de-Muribeca-768x512.jpg 768w, https:\/\/www.ccba.org.br\/agriculturaurbana\/wp-content\/uploads\/2023\/12\/04_CESAM_Giselda-Alves-da-Silva-integrante-do-CESAM-Centro-de-Saude-Alternativa-de-Muribeca-1536x1024.jpg 1536w, https:\/\/www.ccba.org.br\/agriculturaurbana\/wp-content\/uploads\/2023\/12\/04_CESAM_Giselda-Alves-da-Silva-integrante-do-CESAM-Centro-de-Saude-Alternativa-de-Muribeca-1140x760.jpg 1140w\" sizes=\"auto, (max-width: 1920px) 100vw, 1920px\" \/><\/a><\/div>\n\n<div class=\"carousel-slider__item\">\n\t<img loading=\"lazy\" decoding=\"async\" width=\"1920\" height=\"1280\" src=\"https:\/\/www.ccba.org.br\/agriculturaurbana\/wp-content\/uploads\/2023\/12\/04_CESAM_IMG_4480.jpg\" class=\"attachment-full size-full\" alt=\"\" srcset=\"https:\/\/www.ccba.org.br\/agriculturaurbana\/wp-content\/uploads\/2023\/12\/04_CESAM_IMG_4480.jpg 1920w, https:\/\/www.ccba.org.br\/agriculturaurbana\/wp-content\/uploads\/2023\/12\/04_CESAM_IMG_4480-300x200.jpg 300w, https:\/\/www.ccba.org.br\/agriculturaurbana\/wp-content\/uploads\/2023\/12\/04_CESAM_IMG_4480-1024x683.jpg 1024w, https:\/\/www.ccba.org.br\/agriculturaurbana\/wp-content\/uploads\/2023\/12\/04_CESAM_IMG_4480-768x512.jpg 768w, https:\/\/www.ccba.org.br\/agriculturaurbana\/wp-content\/uploads\/2023\/12\/04_CESAM_IMG_4480-1536x1024.jpg 1536w, https:\/\/www.ccba.org.br\/agriculturaurbana\/wp-content\/uploads\/2023\/12\/04_CESAM_IMG_4480-1140x760.jpg 1140w\" sizes=\"auto, (max-width: 1920px) 100vw, 1920px\" \/><\/a><\/div>\n\n<div class=\"carousel-slider__item\">\n\t<img loading=\"lazy\" decoding=\"async\" width=\"1920\" height=\"1280\" src=\"https:\/\/www.ccba.org.br\/agriculturaurbana\/wp-content\/uploads\/2023\/12\/04_CESAM_IMG_4482.jpg\" class=\"attachment-full size-full\" alt=\"\" srcset=\"https:\/\/www.ccba.org.br\/agriculturaurbana\/wp-content\/uploads\/2023\/12\/04_CESAM_IMG_4482.jpg 1920w, https:\/\/www.ccba.org.br\/agriculturaurbana\/wp-content\/uploads\/2023\/12\/04_CESAM_IMG_4482-300x200.jpg 300w, https:\/\/www.ccba.org.br\/agriculturaurbana\/wp-content\/uploads\/2023\/12\/04_CESAM_IMG_4482-1024x683.jpg 1024w, https:\/\/www.ccba.org.br\/agriculturaurbana\/wp-content\/uploads\/2023\/12\/04_CESAM_IMG_4482-768x512.jpg 768w, https:\/\/www.ccba.org.br\/agriculturaurbana\/wp-content\/uploads\/2023\/12\/04_CESAM_IMG_4482-1536x1024.jpg 1536w, https:\/\/www.ccba.org.br\/agriculturaurbana\/wp-content\/uploads\/2023\/12\/04_CESAM_IMG_4482-1140x760.jpg 1140w\" sizes=\"auto, (max-width: 1920px) 100vw, 1920px\" \/><\/a><\/div>\n\n<div class=\"carousel-slider__item\">\n\t<img loading=\"lazy\" decoding=\"async\" width=\"1920\" height=\"1280\" src=\"https:\/\/www.ccba.org.br\/agriculturaurbana\/wp-content\/uploads\/2023\/12\/04_CESAM_IMG_4500.jpg\" class=\"attachment-full size-full\" alt=\"\" srcset=\"https:\/\/www.ccba.org.br\/agriculturaurbana\/wp-content\/uploads\/2023\/12\/04_CESAM_IMG_4500.jpg 1920w, https:\/\/www.ccba.org.br\/agriculturaurbana\/wp-content\/uploads\/2023\/12\/04_CESAM_IMG_4500-300x200.jpg 300w, https:\/\/www.ccba.org.br\/agriculturaurbana\/wp-content\/uploads\/2023\/12\/04_CESAM_IMG_4500-1024x683.jpg 1024w, https:\/\/www.ccba.org.br\/agriculturaurbana\/wp-content\/uploads\/2023\/12\/04_CESAM_IMG_4500-768x512.jpg 768w, https:\/\/www.ccba.org.br\/agriculturaurbana\/wp-content\/uploads\/2023\/12\/04_CESAM_IMG_4500-1536x1024.jpg 1536w, https:\/\/www.ccba.org.br\/agriculturaurbana\/wp-content\/uploads\/2023\/12\/04_CESAM_IMG_4500-1140x760.jpg 1140w\" sizes=\"auto, (max-width: 1920px) 100vw, 1920px\" \/><\/a><\/div>\n\n<div class=\"carousel-slider__item\">\n\t<img loading=\"lazy\" decoding=\"async\" width=\"1920\" height=\"1280\" src=\"https:\/\/www.ccba.org.br\/agriculturaurbana\/wp-content\/uploads\/2023\/12\/04_CESAM_IMG_4501.jpg\" class=\"attachment-full size-full\" alt=\"\" srcset=\"https:\/\/www.ccba.org.br\/agriculturaurbana\/wp-content\/uploads\/2023\/12\/04_CESAM_IMG_4501.jpg 1920w, https:\/\/www.ccba.org.br\/agriculturaurbana\/wp-content\/uploads\/2023\/12\/04_CESAM_IMG_4501-300x200.jpg 300w, https:\/\/www.ccba.org.br\/agriculturaurbana\/wp-content\/uploads\/2023\/12\/04_CESAM_IMG_4501-1024x683.jpg 1024w, https:\/\/www.ccba.org.br\/agriculturaurbana\/wp-content\/uploads\/2023\/12\/04_CESAM_IMG_4501-768x512.jpg 768w, https:\/\/www.ccba.org.br\/agriculturaurbana\/wp-content\/uploads\/2023\/12\/04_CESAM_IMG_4501-1536x1024.jpg 1536w, https:\/\/www.ccba.org.br\/agriculturaurbana\/wp-content\/uploads\/2023\/12\/04_CESAM_IMG_4501-1140x760.jpg 1140w\" sizes=\"auto, (max-width: 1920px) 100vw, 1920px\" \/><\/a><\/div>\n\n<\/div><!-- .carousel-slider-113 -->\n<\/div><!-- .carousel-slider-outer-113 -->\n<\/div>\n\n\n\n<p>Os encontros aconteciam inicialmente no sal\u00e3o paroquial da igreja da comunidade e as mulheres come\u00e7aram a trocar experi\u00eancias sobre as plantas medicinais, resgatando conhecimentos de suas ancestrais e do saber popular, aprofundaram o estudo at\u00e9 chegarem a produzir seus pr\u00f3prios rem\u00e9dios fitoter\u00e1picos. O projeto ganhou for\u00e7a com a ajuda do Centro Nordestino de Medicina Popular (CNMP), que auxiliou o grupo a criar uma farm\u00e1cia viva na comunidade.<\/p>\n\n\n\n<p>Giselda Alves da Silva, integrante do CESAM, comenta que no in\u00edcio do projeto a comunidade enxergava com preconceito a quest\u00e3o do cuidado das ervas medicinais e que logo associavam a quest\u00f5es religiosas. Mas com o passar do tempo, o grupo ganhou a confian\u00e7a da comunidade que atualmente recorre aos fitoter\u00e1picos para tratamentos diversos e at\u00e9 mesmo o posto de sa\u00fade local passou a receitar rem\u00e9dios produzidos pelo CESAM. A autonomia no cuidado da pr\u00f3pria sa\u00fade e a integra\u00e7\u00e3o com a comunidade s\u00e3o alguns dos muitos trunfos do projeto.<\/p>\n\n\n\n<p>\u201cA gente recebe mais das plantas do que a gente d\u00e1!\u201d, diz Giselda.<\/p>\n\n\n\n<p>Hoje, o grupo tem sede pr\u00f3pria e comercializa os fitoter\u00e1picos em feiras, dentro e fora da comunidade e no pr\u00f3prio espa\u00e7o do CESAM.<\/p>\n\n\n\n<p>Saiba mais:<\/p>\n\n\n\n<p>Instagram do CESAM:<a href=\"https:\/\/www.instagram.com\/cesamfitoterapicos\/\"> <\/a><a href=\"https:\/\/www.instagram.com\/cesamfitoterapicos\/\">https:\/\/www.instagram.com\/cesamfitoterapicos\/<\/a><\/p>\n","protected":false},"excerpt":{"rendered":"<p class=\"post-excerpt\">&#8220;Quando a gente sabe uma coisa boa e n\u00e3o passa para as pessoas, o conhecimento morre com a gente&#8221; Giselda&#8230;<\/p>\n","protected":false},"author":1,"featured_media":59,"comment_status":"closed","ping_status":"open","sticky":false,"template":"","format":"standard","meta":{"footnotes":""},"categories":[2],"tags":[],"class_list":["post-58","post","type-post","status-publish","format-standard","has-post-thumbnail","hentry","category-projetos"],"_links":{"self":[{"href":"https:\/\/www.ccba.org.br\/agriculturaurbana\/wp-json\/wp\/v2\/posts\/58","targetHints":{"allow":["GET"]}}],"collection":[{"href":"https:\/\/www.ccba.org.br\/agriculturaurbana\/wp-json\/wp\/v2\/posts"}],"about":[{"href":"https:\/\/www.ccba.org.br\/agriculturaurbana\/wp-json\/wp\/v2\/types\/post"}],"author":[{"embeddable":true,"href":"https:\/\/www.ccba.org.br\/agriculturaurbana\/wp-json\/wp\/v2\/users\/1"}],"replies":[{"embeddable":true,"href":"https:\/\/www.ccba.org.br\/agriculturaurbana\/wp-json\/wp\/v2\/comments?post=58"}],"version-history":[{"count":8,"href":"https:\/\/www.ccba.org.br\/agriculturaurbana\/wp-json\/wp\/v2\/posts\/58\/revisions"}],"predecessor-version":[{"id":196,"href":"https:\/\/www.ccba.org.br\/agriculturaurbana\/wp-json\/wp\/v2\/posts\/58\/revisions\/196"}],"wp:featuredmedia":[{"embeddable":true,"href":"https:\/\/www.ccba.org.br\/agriculturaurbana\/wp-json\/wp\/v2\/media\/59"}],"wp:attachment":[{"href":"https:\/\/www.ccba.org.br\/agriculturaurbana\/wp-json\/wp\/v2\/media?parent=58"}],"wp:term":[{"taxonomy":"category","embeddable":true,"href":"https:\/\/www.ccba.org.br\/agriculturaurbana\/wp-json\/wp\/v2\/categories?post=58"},{"taxonomy":"post_tag","embeddable":true,"href":"https:\/\/www.ccba.org.br\/agriculturaurbana\/wp-json\/wp\/v2\/tags?post=58"}],"curies":[{"name":"wp","href":"https:\/\/api.w.org\/{rel}","templated":true}]}}