{"id":50,"date":"2023-12-30T06:32:30","date_gmt":"2023-12-30T09:32:30","guid":{"rendered":"https:\/\/www.ccba.org.br\/agriculturaurbana\/?p=50"},"modified":"2024-09-16T23:01:51","modified_gmt":"2024-09-17T02:01:51","slug":"horta-popular-agroecologica-dandara-peixinhos-olinda","status":"publish","type":"post","link":"https:\/\/www.ccba.org.br\/agriculturaurbana\/2023\/12\/30\/horta-popular-agroecologica-dandara-peixinhos-olinda\/","title":{"rendered":"HORTA POPULAR AGROECOL\u00d3GICA DANDARA \u2014 PEIXINHOS (OLINDA\/RECIFE)"},"content":{"rendered":"\n<figure class=\"wp-block-embed is-type-video is-provider-youtube wp-block-embed-youtube wp-embed-aspect-16-9 wp-has-aspect-ratio\"><div class=\"wp-block-embed__wrapper\">\n<iframe loading=\"lazy\" title=\"HORTA POPULAR AGROECOL\u00d3GICA DANDARA \u2014 PEIXINHOS (OLINDA\/RECIFE) - Agricultura Urbana na RM do Recife\" width=\"700\" height=\"394\" src=\"https:\/\/www.youtube.com\/embed\/7euy7qfufd4?feature=oembed\" frameborder=\"0\" allow=\"accelerometer; autoplay; clipboard-write; encrypted-media; gyroscope; picture-in-picture; web-share\" referrerpolicy=\"strict-origin-when-cross-origin\" allowfullscreen><\/iframe>\n<\/div><\/figure>\n\n\n\n<p>A Horta Popular Agroecol\u00f3gica Dandara foi fundada em agosto de 2020, durante a pandemia do COVID-19, atrav\u00e9s da iniciativa da Campanha M\u00e3os Solid\u00e1rias e da Campanha Nacional Periferia Viva, como uma maneira de produzir alimentos saud\u00e1veis na periferia e de amenizar o problema da fome que foi intensificado pela pandemia do coronav\u00edrus.<\/p>\n\n\n\n<p>O projeto conta com a assessoria t\u00e9cnica do Centro de Desenvolvimento Agroecol\u00f3gico Sabi\u00e1 no processo de gest\u00e3o e implementa\u00e7\u00e3o da horta. Localizada entre as cidades de Recife e Olinda, na comunidade de Peixinhos, os agricultores urbanos (moradores da regi\u00e3o) produzem alimentos variados no local (berinjela, manjeric\u00e3o, tomates, hortel\u00e3, vagem, banana, mam\u00e3o, macaxeira, etc.) para consumo pr\u00f3prio.<\/p>\n\n\n\n<div class=\"wp-block-carousel-slider-slider\"><div class=\"carousel-slider-outer carousel-slider-outer-image-carousel carousel-slider-outer-129\" style=\"--carousel-slider-nav-color:#f1f1f1;--carousel-slider-active-nav-color:#00d1b2;--carousel-slider-arrow-size:48px;--carousel-slider-bullet-size:10px\">\n<div id=\"&#039;id-129\" class=\"carousel-slider carousel-slider-129 arrows-visibility-always dots-visibility-always arrows-inside dots-center dots-circle owl-carousel\" data-slide-type=\"image-carousel\" data-owl-settings='{\"nav\":true,\"dots\":true,\"slideBy\":1,\"stagePadding\":0,\"margin\":10,\"loop\":true,\"lazyLoad\":false,\"autoplay\":true,\"autoplayTimeout\":5000,\"autoplaySpeed\":500,\"autoplayHoverPause\":true,\"autoWidth\":false,\"items\":1}'>\n<div class=\"carousel-slider__item\">\n\t<img loading=\"lazy\" decoding=\"async\" width=\"1920\" height=\"1280\" src=\"https:\/\/www.ccba.org.br\/agriculturaurbana\/wp-content\/uploads\/2023\/12\/03_HORTA_POP_DANDARA_IMG_4417.jpg\" class=\"attachment-full size-full\" alt=\"\" srcset=\"https:\/\/www.ccba.org.br\/agriculturaurbana\/wp-content\/uploads\/2023\/12\/03_HORTA_POP_DANDARA_IMG_4417.jpg 1920w, https:\/\/www.ccba.org.br\/agriculturaurbana\/wp-content\/uploads\/2023\/12\/03_HORTA_POP_DANDARA_IMG_4417-300x200.jpg 300w, https:\/\/www.ccba.org.br\/agriculturaurbana\/wp-content\/uploads\/2023\/12\/03_HORTA_POP_DANDARA_IMG_4417-1024x683.jpg 1024w, https:\/\/www.ccba.org.br\/agriculturaurbana\/wp-content\/uploads\/2023\/12\/03_HORTA_POP_DANDARA_IMG_4417-768x512.jpg 768w, https:\/\/www.ccba.org.br\/agriculturaurbana\/wp-content\/uploads\/2023\/12\/03_HORTA_POP_DANDARA_IMG_4417-1536x1024.jpg 1536w, https:\/\/www.ccba.org.br\/agriculturaurbana\/wp-content\/uploads\/2023\/12\/03_HORTA_POP_DANDARA_IMG_4417-1140x760.jpg 1140w\" sizes=\"auto, (max-width: 1920px) 100vw, 1920px\" \/><\/a><\/div>\n\n<div class=\"carousel-slider__item\">\n\t<img loading=\"lazy\" decoding=\"async\" width=\"1920\" height=\"1280\" src=\"https:\/\/www.ccba.org.br\/agriculturaurbana\/wp-content\/uploads\/2023\/12\/03_HORTA_POP_DANDARA_IMG_4410.jpg\" class=\"attachment-full size-full\" alt=\"\" srcset=\"https:\/\/www.ccba.org.br\/agriculturaurbana\/wp-content\/uploads\/2023\/12\/03_HORTA_POP_DANDARA_IMG_4410.jpg 1920w, https:\/\/www.ccba.org.br\/agriculturaurbana\/wp-content\/uploads\/2023\/12\/03_HORTA_POP_DANDARA_IMG_4410-300x200.jpg 300w, https:\/\/www.ccba.org.br\/agriculturaurbana\/wp-content\/uploads\/2023\/12\/03_HORTA_POP_DANDARA_IMG_4410-1024x683.jpg 1024w, https:\/\/www.ccba.org.br\/agriculturaurbana\/wp-content\/uploads\/2023\/12\/03_HORTA_POP_DANDARA_IMG_4410-768x512.jpg 768w, https:\/\/www.ccba.org.br\/agriculturaurbana\/wp-content\/uploads\/2023\/12\/03_HORTA_POP_DANDARA_IMG_4410-1536x1024.jpg 1536w, https:\/\/www.ccba.org.br\/agriculturaurbana\/wp-content\/uploads\/2023\/12\/03_HORTA_POP_DANDARA_IMG_4410-1140x760.jpg 1140w\" sizes=\"auto, (max-width: 1920px) 100vw, 1920px\" \/><\/a><\/div>\n\n<div class=\"carousel-slider__item\">\n\t<img loading=\"lazy\" decoding=\"async\" width=\"1920\" height=\"1280\" src=\"https:\/\/www.ccba.org.br\/agriculturaurbana\/wp-content\/uploads\/2023\/12\/03_HORTA_POP_DANDARA_IMG_4357.jpg\" class=\"attachment-full size-full\" alt=\"\" srcset=\"https:\/\/www.ccba.org.br\/agriculturaurbana\/wp-content\/uploads\/2023\/12\/03_HORTA_POP_DANDARA_IMG_4357.jpg 1920w, https:\/\/www.ccba.org.br\/agriculturaurbana\/wp-content\/uploads\/2023\/12\/03_HORTA_POP_DANDARA_IMG_4357-300x200.jpg 300w, https:\/\/www.ccba.org.br\/agriculturaurbana\/wp-content\/uploads\/2023\/12\/03_HORTA_POP_DANDARA_IMG_4357-1024x683.jpg 1024w, https:\/\/www.ccba.org.br\/agriculturaurbana\/wp-content\/uploads\/2023\/12\/03_HORTA_POP_DANDARA_IMG_4357-768x512.jpg 768w, https:\/\/www.ccba.org.br\/agriculturaurbana\/wp-content\/uploads\/2023\/12\/03_HORTA_POP_DANDARA_IMG_4357-1536x1024.jpg 1536w, https:\/\/www.ccba.org.br\/agriculturaurbana\/wp-content\/uploads\/2023\/12\/03_HORTA_POP_DANDARA_IMG_4357-1140x760.jpg 1140w\" sizes=\"auto, (max-width: 1920px) 100vw, 1920px\" \/><\/a><\/div>\n\n<div class=\"carousel-slider__item\">\n\t<img loading=\"lazy\" decoding=\"async\" width=\"1920\" height=\"1280\" src=\"https:\/\/www.ccba.org.br\/agriculturaurbana\/wp-content\/uploads\/2023\/12\/03_HORTA_POP_DANDARA_IMG_4343.jpg\" class=\"attachment-full size-full\" alt=\"\" srcset=\"https:\/\/www.ccba.org.br\/agriculturaurbana\/wp-content\/uploads\/2023\/12\/03_HORTA_POP_DANDARA_IMG_4343.jpg 1920w, https:\/\/www.ccba.org.br\/agriculturaurbana\/wp-content\/uploads\/2023\/12\/03_HORTA_POP_DANDARA_IMG_4343-300x200.jpg 300w, https:\/\/www.ccba.org.br\/agriculturaurbana\/wp-content\/uploads\/2023\/12\/03_HORTA_POP_DANDARA_IMG_4343-1024x683.jpg 1024w, https:\/\/www.ccba.org.br\/agriculturaurbana\/wp-content\/uploads\/2023\/12\/03_HORTA_POP_DANDARA_IMG_4343-768x512.jpg 768w, https:\/\/www.ccba.org.br\/agriculturaurbana\/wp-content\/uploads\/2023\/12\/03_HORTA_POP_DANDARA_IMG_4343-1536x1024.jpg 1536w, https:\/\/www.ccba.org.br\/agriculturaurbana\/wp-content\/uploads\/2023\/12\/03_HORTA_POP_DANDARA_IMG_4343-1140x760.jpg 1140w\" sizes=\"auto, (max-width: 1920px) 100vw, 1920px\" \/><\/a><\/div>\n\n<div class=\"carousel-slider__item\">\n\t<img loading=\"lazy\" decoding=\"async\" width=\"1920\" height=\"1280\" src=\"https:\/\/www.ccba.org.br\/agriculturaurbana\/wp-content\/uploads\/2023\/12\/03_HORTA_POP_DANDARA_Gabriel-Hirata-tecnico-do-Centro-Sabia.jpg\" class=\"attachment-full size-full\" alt=\"\" srcset=\"https:\/\/www.ccba.org.br\/agriculturaurbana\/wp-content\/uploads\/2023\/12\/03_HORTA_POP_DANDARA_Gabriel-Hirata-tecnico-do-Centro-Sabia.jpg 1920w, https:\/\/www.ccba.org.br\/agriculturaurbana\/wp-content\/uploads\/2023\/12\/03_HORTA_POP_DANDARA_Gabriel-Hirata-tecnico-do-Centro-Sabia-300x200.jpg 300w, https:\/\/www.ccba.org.br\/agriculturaurbana\/wp-content\/uploads\/2023\/12\/03_HORTA_POP_DANDARA_Gabriel-Hirata-tecnico-do-Centro-Sabia-1024x683.jpg 1024w, https:\/\/www.ccba.org.br\/agriculturaurbana\/wp-content\/uploads\/2023\/12\/03_HORTA_POP_DANDARA_Gabriel-Hirata-tecnico-do-Centro-Sabia-768x512.jpg 768w, https:\/\/www.ccba.org.br\/agriculturaurbana\/wp-content\/uploads\/2023\/12\/03_HORTA_POP_DANDARA_Gabriel-Hirata-tecnico-do-Centro-Sabia-1536x1024.jpg 1536w, https:\/\/www.ccba.org.br\/agriculturaurbana\/wp-content\/uploads\/2023\/12\/03_HORTA_POP_DANDARA_Gabriel-Hirata-tecnico-do-Centro-Sabia-1140x760.jpg 1140w\" sizes=\"auto, (max-width: 1920px) 100vw, 1920px\" \/><\/a><\/div>\n\n<\/div><!-- .carousel-slider-129 -->\n<\/div><!-- .carousel-slider-outer-129 -->\n<\/div>\n\n\n\n<p>O que era um terreno abandonado de 416 m\u00b2, onde havia muito lixo, transformou-se num terreno produtivo. L\u00e1, um grupo de mulheres, em sua maioria negras, se re\u00fane em mutir\u00f5es semanais para trabalhar na horta com o aux\u00edlio de Gabriel Hirata, t\u00e9cnico em agroecologia do Centro Sabi\u00e1. Al\u00e9m dos mutir\u00f5es, elas se revezam para a rega di\u00e1ria das plantas.<\/p>\n\n\n\n<p>A iniciativa tem o prop\u00f3sito de estimular a soberania alimentar, produzindo alimentos de qualidade e sem agrot\u00f3xicos para as periferias. E a rica variedade de alimentos cultivados na Horta Dandara \u00e9 destinada para os participantes do projeto, que tamb\u00e9m participam de rodas de conversa e, eventualmente, de oficinas para o aprofundamento do conhecimento e incid\u00eancia pol\u00edtica.<\/p>\n\n\n\n<p>Maria Jos\u00e9 frequenta a horta h\u00e1 2 anos e conta que a rotina na horta tamb\u00e9m a auxiliou no cuidado de sua sa\u00fade mental:<\/p>\n\n\n\n<p>\u201cEm casa estava meio estressada e vim visitar a horta e fiquei participando. Melhorou na minha autoestima, melhorou em tudo. Chego aqui e converso com as meninas, uma diz uma coisa e outra diz outra coisa e a\u00ed come\u00e7amos a trabalhar, para mim \u00e9 um trabalho e divers\u00e3o\u201d, diz Maria Jos\u00e9.<\/p>\n\n\n\n<p>Saiba mais:<\/p>\n\n\n\n<figure class=\"wp-block-embed is-type-wp-embed is-provider-centro-de-desenvolvimento-agroecol-gico-sabi wp-block-embed-centro-de-desenvolvimento-agroecol-gico-sabi\"><div class=\"wp-block-embed__wrapper\">\n<blockquote class=\"wp-embedded-content\" data-secret=\"0mvkTlr1o1\"><a href=\"https:\/\/centrosabia.org.br\/2023\/08\/25\/agricultura-urbana-e-os-tres-anos-da-horta-popular-agroecologica-dandara\/\">Agricultura urbana e os tr\u00eas anos da Horta Popular Agroecol\u00f3gica Dandara<\/a><\/blockquote><iframe loading=\"lazy\" class=\"wp-embedded-content\" sandbox=\"allow-scripts\" security=\"restricted\" style=\"position: absolute; clip: rect(1px, 1px, 1px, 1px);\" title=\"&#8220;Agricultura urbana e os tr\u00eas anos da Horta Popular Agroecol\u00f3gica Dandara&#8221; &#8212; Centro de Desenvolvimento Agroecol\u00f3gico Sabi\u00e1\" src=\"https:\/\/centrosabia.org.br\/2023\/08\/25\/agricultura-urbana-e-os-tres-anos-da-horta-popular-agroecologica-dandara\/embed\/#?secret=9T2D4QseAe#?secret=0mvkTlr1o1\" data-secret=\"0mvkTlr1o1\" width=\"600\" height=\"338\" frameborder=\"0\" marginwidth=\"0\" marginheight=\"0\" scrolling=\"no\"><\/iframe>\n<\/div><\/figure>\n\n\n\n<figure class=\"wp-block-embed\"><div class=\"wp-block-embed__wrapper\">\nhttps:\/\/www.instagram.com\/maos.solidarias.pe\n<\/div><\/figure>\n","protected":false},"excerpt":{"rendered":"<p class=\"post-excerpt\">A Horta Popular Agroecol\u00f3gica Dandara foi fundada em agosto de 2020, durante a pandemia do COVID-19, atrav\u00e9s da iniciativa da&#8230;<\/p>\n","protected":false},"author":1,"featured_media":51,"comment_status":"closed","ping_status":"open","sticky":false,"template":"","format":"standard","meta":{"footnotes":""},"categories":[2],"tags":[],"class_list":["post-50","post","type-post","status-publish","format-standard","has-post-thumbnail","hentry","category-projetos"],"_links":{"self":[{"href":"https:\/\/www.ccba.org.br\/agriculturaurbana\/wp-json\/wp\/v2\/posts\/50","targetHints":{"allow":["GET"]}}],"collection":[{"href":"https:\/\/www.ccba.org.br\/agriculturaurbana\/wp-json\/wp\/v2\/posts"}],"about":[{"href":"https:\/\/www.ccba.org.br\/agriculturaurbana\/wp-json\/wp\/v2\/types\/post"}],"author":[{"embeddable":true,"href":"https:\/\/www.ccba.org.br\/agriculturaurbana\/wp-json\/wp\/v2\/users\/1"}],"replies":[{"embeddable":true,"href":"https:\/\/www.ccba.org.br\/agriculturaurbana\/wp-json\/wp\/v2\/comments?post=50"}],"version-history":[{"count":7,"href":"https:\/\/www.ccba.org.br\/agriculturaurbana\/wp-json\/wp\/v2\/posts\/50\/revisions"}],"predecessor-version":[{"id":195,"href":"https:\/\/www.ccba.org.br\/agriculturaurbana\/wp-json\/wp\/v2\/posts\/50\/revisions\/195"}],"wp:featuredmedia":[{"embeddable":true,"href":"https:\/\/www.ccba.org.br\/agriculturaurbana\/wp-json\/wp\/v2\/media\/51"}],"wp:attachment":[{"href":"https:\/\/www.ccba.org.br\/agriculturaurbana\/wp-json\/wp\/v2\/media?parent=50"}],"wp:term":[{"taxonomy":"category","embeddable":true,"href":"https:\/\/www.ccba.org.br\/agriculturaurbana\/wp-json\/wp\/v2\/categories?post=50"},{"taxonomy":"post_tag","embeddable":true,"href":"https:\/\/www.ccba.org.br\/agriculturaurbana\/wp-json\/wp\/v2\/tags?post=50"}],"curies":[{"name":"wp","href":"https:\/\/api.w.org\/{rel}","templated":true}]}}