{"id":1,"date":"2023-12-28T12:02:14","date_gmt":"2023-12-28T15:02:14","guid":{"rendered":"https:\/\/www.ccba.org.br\/agriculturaurbana\/?p=1"},"modified":"2024-09-16T22:47:03","modified_gmt":"2024-09-17T01:47:03","slug":"sementeiraesperanca","status":"publish","type":"post","link":"https:\/\/www.ccba.org.br\/agriculturaurbana\/2023\/12\/28\/sementeiraesperanca\/","title":{"rendered":"SEMENTEIRA ESPERAN\u00c7A &#8211; COMUNIDADE XV DE NOVEMBRO &#8211; PAULISTA"},"content":{"rendered":"\n<figure class=\"wp-block-embed is-type-video is-provider-youtube wp-block-embed-youtube wp-embed-aspect-16-9 wp-has-aspect-ratio\"><div class=\"wp-block-embed__wrapper\">\n<iframe loading=\"lazy\" title=\"SEMENTEIRA ESPERAN\u00c7A (depoimentos) \u2013 COMUNIDADE XV DE NOVEMBRO \u2013 PAULISTA   - Agricultura Urbana RMR\" width=\"700\" height=\"394\" src=\"https:\/\/www.youtube.com\/embed\/2lewV_FE8AI?feature=oembed\" frameborder=\"0\" allow=\"accelerometer; autoplay; clipboard-write; encrypted-media; gyroscope; picture-in-picture; web-share\" referrerpolicy=\"strict-origin-when-cross-origin\" allowfullscreen><\/iframe>\n<\/div><\/figure>\n\n\n\n<p>A Sementeira Esperan\u00e7a, na comunidade XV de Novembro, munic\u00edpio de Paulista, foi criada durante a pandemia da COVID-19, desde ent\u00e3o o trabalho realizado majoritariamente por mulheres da comunidade vem sendo apoiado eventualmente por meio de parcerias com institui\u00e7\u00f5es.<\/p>\n\n\n\n<p>Entre os anos de 2022 e 2023, juntamente com outras 14 comunidades, a horta foi apoiada por meio de uma iniciativa da Casa Mulher do Nordeste, do Centro de Desenvolvimento Agroecol\u00f3gico Sabi\u00e1 e da organiza\u00e7\u00e3o n\u00e3o governamental Fase. Em parceria, as institui\u00e7\u00f5es executaram o projeto intitulado \u201cAgricultura Urbana, produzindo comida de verdade e gerando qualidade de vida\u201d, fruto de emenda parlamentar, aprovada por meio do Termo de Fomento do Minist\u00e9rio da Agricultura, Pecu\u00e1ria e Abastecimento.<\/p>\n\n\n\n<div class=\"wp-block-carousel-slider-slider\"><div class=\"carousel-slider-outer carousel-slider-outer-image-carousel carousel-slider-outer-124\" style=\"--carousel-slider-nav-color:#f1f1f1;--carousel-slider-active-nav-color:#00d1b2;--carousel-slider-arrow-size:48px;--carousel-slider-bullet-size:10px\">\n<div id=\"&#039;id-124\" class=\"carousel-slider carousel-slider-124 arrows-visibility-always dots-visibility-always arrows-inside dots-center dots-circle owl-carousel\" data-slide-type=\"image-carousel\" data-owl-settings='{\"nav\":true,\"dots\":true,\"slideBy\":1,\"stagePadding\":0,\"margin\":10,\"loop\":true,\"lazyLoad\":false,\"autoplay\":true,\"autoplayTimeout\":5000,\"autoplaySpeed\":500,\"autoplayHoverPause\":true,\"autoWidth\":false,\"items\":1}'>\n<div class=\"carousel-slider__item\">\n\t<img loading=\"lazy\" decoding=\"async\" width=\"1920\" height=\"1280\" src=\"https:\/\/www.ccba.org.br\/agriculturaurbana\/wp-content\/uploads\/2023\/12\/01_Sementeira-Esperanca_IMG_4920.jpg\" class=\"attachment-full size-full\" alt=\"\" srcset=\"https:\/\/www.ccba.org.br\/agriculturaurbana\/wp-content\/uploads\/2023\/12\/01_Sementeira-Esperanca_IMG_4920.jpg 1920w, https:\/\/www.ccba.org.br\/agriculturaurbana\/wp-content\/uploads\/2023\/12\/01_Sementeira-Esperanca_IMG_4920-300x200.jpg 300w, https:\/\/www.ccba.org.br\/agriculturaurbana\/wp-content\/uploads\/2023\/12\/01_Sementeira-Esperanca_IMG_4920-1024x683.jpg 1024w, https:\/\/www.ccba.org.br\/agriculturaurbana\/wp-content\/uploads\/2023\/12\/01_Sementeira-Esperanca_IMG_4920-768x512.jpg 768w, https:\/\/www.ccba.org.br\/agriculturaurbana\/wp-content\/uploads\/2023\/12\/01_Sementeira-Esperanca_IMG_4920-1536x1024.jpg 1536w, https:\/\/www.ccba.org.br\/agriculturaurbana\/wp-content\/uploads\/2023\/12\/01_Sementeira-Esperanca_IMG_4920-1140x760.jpg 1140w\" sizes=\"auto, (max-width: 1920px) 100vw, 1920px\" \/><\/a><\/div>\n\n<div class=\"carousel-slider__item\">\n\t<img loading=\"lazy\" decoding=\"async\" width=\"1920\" height=\"1280\" src=\"https:\/\/www.ccba.org.br\/agriculturaurbana\/wp-content\/uploads\/2023\/12\/01_Sementeira-Esperanca_IMG_4961.jpg\" class=\"attachment-full size-full\" alt=\"\" srcset=\"https:\/\/www.ccba.org.br\/agriculturaurbana\/wp-content\/uploads\/2023\/12\/01_Sementeira-Esperanca_IMG_4961.jpg 1920w, https:\/\/www.ccba.org.br\/agriculturaurbana\/wp-content\/uploads\/2023\/12\/01_Sementeira-Esperanca_IMG_4961-300x200.jpg 300w, https:\/\/www.ccba.org.br\/agriculturaurbana\/wp-content\/uploads\/2023\/12\/01_Sementeira-Esperanca_IMG_4961-1024x683.jpg 1024w, https:\/\/www.ccba.org.br\/agriculturaurbana\/wp-content\/uploads\/2023\/12\/01_Sementeira-Esperanca_IMG_4961-768x512.jpg 768w, https:\/\/www.ccba.org.br\/agriculturaurbana\/wp-content\/uploads\/2023\/12\/01_Sementeira-Esperanca_IMG_4961-1536x1024.jpg 1536w, https:\/\/www.ccba.org.br\/agriculturaurbana\/wp-content\/uploads\/2023\/12\/01_Sementeira-Esperanca_IMG_4961-1140x760.jpg 1140w\" sizes=\"auto, (max-width: 1920px) 100vw, 1920px\" \/><\/a><\/div>\n\n<div class=\"carousel-slider__item\">\n\t<img loading=\"lazy\" decoding=\"async\" width=\"1920\" height=\"1280\" src=\"https:\/\/www.ccba.org.br\/agriculturaurbana\/wp-content\/uploads\/2023\/12\/01_Sementeira-Esperanca_IMG_4960.jpg\" class=\"attachment-full size-full\" alt=\"\" srcset=\"https:\/\/www.ccba.org.br\/agriculturaurbana\/wp-content\/uploads\/2023\/12\/01_Sementeira-Esperanca_IMG_4960.jpg 1920w, https:\/\/www.ccba.org.br\/agriculturaurbana\/wp-content\/uploads\/2023\/12\/01_Sementeira-Esperanca_IMG_4960-300x200.jpg 300w, https:\/\/www.ccba.org.br\/agriculturaurbana\/wp-content\/uploads\/2023\/12\/01_Sementeira-Esperanca_IMG_4960-1024x683.jpg 1024w, https:\/\/www.ccba.org.br\/agriculturaurbana\/wp-content\/uploads\/2023\/12\/01_Sementeira-Esperanca_IMG_4960-768x512.jpg 768w, https:\/\/www.ccba.org.br\/agriculturaurbana\/wp-content\/uploads\/2023\/12\/01_Sementeira-Esperanca_IMG_4960-1536x1024.jpg 1536w, https:\/\/www.ccba.org.br\/agriculturaurbana\/wp-content\/uploads\/2023\/12\/01_Sementeira-Esperanca_IMG_4960-1140x760.jpg 1140w\" sizes=\"auto, (max-width: 1920px) 100vw, 1920px\" \/><\/a><\/div>\n\n<div class=\"carousel-slider__item\">\n\t<img loading=\"lazy\" decoding=\"async\" width=\"1920\" height=\"1280\" src=\"https:\/\/www.ccba.org.br\/agriculturaurbana\/wp-content\/uploads\/2023\/12\/01_Sementeira-Esperanca_IMG_4956.jpg\" class=\"attachment-full size-full\" alt=\"\" srcset=\"https:\/\/www.ccba.org.br\/agriculturaurbana\/wp-content\/uploads\/2023\/12\/01_Sementeira-Esperanca_IMG_4956.jpg 1920w, https:\/\/www.ccba.org.br\/agriculturaurbana\/wp-content\/uploads\/2023\/12\/01_Sementeira-Esperanca_IMG_4956-300x200.jpg 300w, https:\/\/www.ccba.org.br\/agriculturaurbana\/wp-content\/uploads\/2023\/12\/01_Sementeira-Esperanca_IMG_4956-1024x683.jpg 1024w, https:\/\/www.ccba.org.br\/agriculturaurbana\/wp-content\/uploads\/2023\/12\/01_Sementeira-Esperanca_IMG_4956-768x512.jpg 768w, https:\/\/www.ccba.org.br\/agriculturaurbana\/wp-content\/uploads\/2023\/12\/01_Sementeira-Esperanca_IMG_4956-1536x1024.jpg 1536w, https:\/\/www.ccba.org.br\/agriculturaurbana\/wp-content\/uploads\/2023\/12\/01_Sementeira-Esperanca_IMG_4956-1140x760.jpg 1140w\" sizes=\"auto, (max-width: 1920px) 100vw, 1920px\" \/><\/a><\/div>\n\n<div class=\"carousel-slider__item\">\n\t<img loading=\"lazy\" decoding=\"async\" width=\"1920\" height=\"1280\" src=\"https:\/\/www.ccba.org.br\/agriculturaurbana\/wp-content\/uploads\/2023\/12\/01_Sementeira-Esperanca_IMG_4937.jpg\" class=\"attachment-full size-full\" alt=\"\" srcset=\"https:\/\/www.ccba.org.br\/agriculturaurbana\/wp-content\/uploads\/2023\/12\/01_Sementeira-Esperanca_IMG_4937.jpg 1920w, https:\/\/www.ccba.org.br\/agriculturaurbana\/wp-content\/uploads\/2023\/12\/01_Sementeira-Esperanca_IMG_4937-300x200.jpg 300w, https:\/\/www.ccba.org.br\/agriculturaurbana\/wp-content\/uploads\/2023\/12\/01_Sementeira-Esperanca_IMG_4937-1024x683.jpg 1024w, https:\/\/www.ccba.org.br\/agriculturaurbana\/wp-content\/uploads\/2023\/12\/01_Sementeira-Esperanca_IMG_4937-768x512.jpg 768w, https:\/\/www.ccba.org.br\/agriculturaurbana\/wp-content\/uploads\/2023\/12\/01_Sementeira-Esperanca_IMG_4937-1536x1024.jpg 1536w, https:\/\/www.ccba.org.br\/agriculturaurbana\/wp-content\/uploads\/2023\/12\/01_Sementeira-Esperanca_IMG_4937-1140x760.jpg 1140w\" sizes=\"auto, (max-width: 1920px) 100vw, 1920px\" \/><\/a><\/div>\n\n<div class=\"carousel-slider__item\">\n\t<img loading=\"lazy\" decoding=\"async\" width=\"1920\" height=\"1280\" src=\"https:\/\/www.ccba.org.br\/agriculturaurbana\/wp-content\/uploads\/2023\/12\/01_Sementeira-Esperanca_IMG_4936.jpg\" class=\"attachment-full size-full\" alt=\"\" srcset=\"https:\/\/www.ccba.org.br\/agriculturaurbana\/wp-content\/uploads\/2023\/12\/01_Sementeira-Esperanca_IMG_4936.jpg 1920w, https:\/\/www.ccba.org.br\/agriculturaurbana\/wp-content\/uploads\/2023\/12\/01_Sementeira-Esperanca_IMG_4936-300x200.jpg 300w, https:\/\/www.ccba.org.br\/agriculturaurbana\/wp-content\/uploads\/2023\/12\/01_Sementeira-Esperanca_IMG_4936-1024x683.jpg 1024w, https:\/\/www.ccba.org.br\/agriculturaurbana\/wp-content\/uploads\/2023\/12\/01_Sementeira-Esperanca_IMG_4936-768x512.jpg 768w, https:\/\/www.ccba.org.br\/agriculturaurbana\/wp-content\/uploads\/2023\/12\/01_Sementeira-Esperanca_IMG_4936-1536x1024.jpg 1536w, https:\/\/www.ccba.org.br\/agriculturaurbana\/wp-content\/uploads\/2023\/12\/01_Sementeira-Esperanca_IMG_4936-1140x760.jpg 1140w\" sizes=\"auto, (max-width: 1920px) 100vw, 1920px\" \/><\/a><\/div>\n\n<div class=\"carousel-slider__item\">\n\t<img loading=\"lazy\" decoding=\"async\" width=\"1920\" height=\"1280\" src=\"https:\/\/www.ccba.org.br\/agriculturaurbana\/wp-content\/uploads\/2023\/12\/01_Sementeira-Esperanca_IMG_4932.jpg\" class=\"attachment-full size-full\" alt=\"\" srcset=\"https:\/\/www.ccba.org.br\/agriculturaurbana\/wp-content\/uploads\/2023\/12\/01_Sementeira-Esperanca_IMG_4932.jpg 1920w, https:\/\/www.ccba.org.br\/agriculturaurbana\/wp-content\/uploads\/2023\/12\/01_Sementeira-Esperanca_IMG_4932-300x200.jpg 300w, https:\/\/www.ccba.org.br\/agriculturaurbana\/wp-content\/uploads\/2023\/12\/01_Sementeira-Esperanca_IMG_4932-1024x683.jpg 1024w, https:\/\/www.ccba.org.br\/agriculturaurbana\/wp-content\/uploads\/2023\/12\/01_Sementeira-Esperanca_IMG_4932-768x512.jpg 768w, https:\/\/www.ccba.org.br\/agriculturaurbana\/wp-content\/uploads\/2023\/12\/01_Sementeira-Esperanca_IMG_4932-1536x1024.jpg 1536w, https:\/\/www.ccba.org.br\/agriculturaurbana\/wp-content\/uploads\/2023\/12\/01_Sementeira-Esperanca_IMG_4932-1140x760.jpg 1140w\" sizes=\"auto, (max-width: 1920px) 100vw, 1920px\" \/><\/a><\/div>\n\n<\/div><!-- .carousel-slider-124 -->\n<\/div><!-- .carousel-slider-outer-124 -->\n<\/div>\n\n\n\n<p>&nbsp;O espa\u00e7o alugado era um terreno improdutivo, tendo sido transformado em horta comunit\u00e1ria pelas moradoras do local. Formado por mulheres, em sua maioria negras, o grupo atua em um sistema de auto-organiza\u00e7\u00e3o para lidar com as demandas da horta, realizando atividades semanais no local como mutir\u00f5es e almo\u00e7o coletivo \u2014 que \u00e9 geralmente recheado por itens que elas encontram na pr\u00f3pria horta, a berinjela, a folha de couve, o coentro, o manjeric\u00e3o, etc. Al\u00e9m das hortali\u00e7as, s\u00e3o cultivadas no espa\u00e7o plantas ornamentais, medicinais e algumas plantas frut\u00edferas.<\/p>\n\n\n\n<p>Quinzenalmente o grupo recebe o acompanhamento da Casa Mulher do Nordeste (CMN). Jackline Gomes \u00e9 educadora t\u00e9cnica em agricultura urbana da CMN e instrui as mulheres sobre os cuidados com a horta, al\u00e9m de realizar tamb\u00e9m um trabalho que estimula a incid\u00eancia pol\u00edtica e auto-organiza\u00e7\u00e3o das participantes enquanto grupo.<\/p>\n\n\n\n<figure class=\"wp-block-embed is-type-video is-provider-youtube wp-block-embed-youtube wp-embed-aspect-16-9 wp-has-aspect-ratio\"><div class=\"wp-block-embed__wrapper\">\n<iframe loading=\"lazy\" title=\"SEMENTEIRA ESPERAN\u00c7A \u2013 COMUNIDADE XV DE NOVEMBRO \u2013 PAULISTA - Agricultura Urbana RM do Recife\" width=\"700\" height=\"394\" src=\"https:\/\/www.youtube.com\/embed\/ACVloaU4wDg?feature=oembed\" frameborder=\"0\" allow=\"accelerometer; autoplay; clipboard-write; encrypted-media; gyroscope; picture-in-picture; web-share\" referrerpolicy=\"strict-origin-when-cross-origin\" allowfullscreen><\/iframe>\n<\/div><\/figure>\n\n\n\n<p>No ano de 2021, elas participaram da constru\u00e7\u00e3o da Lei 5.014, que criou a pol\u00edtica de apoio \u00e0 agricultura urbana e periurbana do munic\u00edpio do Paulista. Atualmente est\u00e3o engajadas no trabalho coletivo em rede, movimentado pela Articula\u00e7\u00e3o de Agroecologia, Agricultura Urbana e Periurbana da Regi\u00e3o Metropolitana do Recife (AUP RMR). Al\u00e9m disso, elas participam da Marcha Mundial das Mulheres (mobiliza\u00e7\u00e3o mundial que re\u00fane mulheres numa campanha contra a viol\u00eancia e a pobreza, numa reivindica\u00e7\u00e3o pelo cumprimento de seus direitos).<\/p>\n\n\n\n<p>Segundo Jackline, o maior desafio das hortas comunit\u00e1rias \u00e9 conquistar e acessar pol\u00edticas p\u00fablicas com recurso para fortalecer o trabalho e, consequentemente, garantir insumos, sementes, mudas, equipamentos, assessoria t\u00e9cnica continuada para agricultura urbana, etc. Afirma tamb\u00e9m que esta \u00e9 uma estrat\u00e9gia criativa de enfrentamento \u00e0 fome e de mitiga\u00e7\u00e3o das mudan\u00e7as clim\u00e1ticas.<\/p>\n\n\n\n<p><strong>Saiba mais:<\/strong><\/p>\n\n\n\n<figure class=\"wp-block-embed is-type-wp-embed is-provider-casa-da-mulher-do-nordeste wp-block-embed-casa-da-mulher-do-nordeste\"><div class=\"wp-block-embed__wrapper\">\nhttps:\/\/www.casadamulherdonordeste.org.br\/2023\/06\/22\/encerramento-do-projeto-agricultura-urbana-reune-organizacoes-e-participantes-em-debates-sobre-direitos\n<\/div><\/figure>\n","protected":false},"excerpt":{"rendered":"<p class=\"post-excerpt\">A Sementeira Esperan\u00e7a, na comunidade XV de Novembro, munic\u00edpio de Paulista, foi criada durante a pandemia da COVID-19, desde ent\u00e3o&#8230;<\/p>\n","protected":false},"author":1,"featured_media":17,"comment_status":"closed","ping_status":"open","sticky":false,"template":"","format":"standard","meta":{"footnotes":""},"categories":[2],"tags":[],"class_list":["post-1","post","type-post","status-publish","format-standard","has-post-thumbnail","hentry","category-projetos"],"_links":{"self":[{"href":"https:\/\/www.ccba.org.br\/agriculturaurbana\/wp-json\/wp\/v2\/posts\/1","targetHints":{"allow":["GET"]}}],"collection":[{"href":"https:\/\/www.ccba.org.br\/agriculturaurbana\/wp-json\/wp\/v2\/posts"}],"about":[{"href":"https:\/\/www.ccba.org.br\/agriculturaurbana\/wp-json\/wp\/v2\/types\/post"}],"author":[{"embeddable":true,"href":"https:\/\/www.ccba.org.br\/agriculturaurbana\/wp-json\/wp\/v2\/users\/1"}],"replies":[{"embeddable":true,"href":"https:\/\/www.ccba.org.br\/agriculturaurbana\/wp-json\/wp\/v2\/comments?post=1"}],"version-history":[{"count":10,"href":"https:\/\/www.ccba.org.br\/agriculturaurbana\/wp-json\/wp\/v2\/posts\/1\/revisions"}],"predecessor-version":[{"id":194,"href":"https:\/\/www.ccba.org.br\/agriculturaurbana\/wp-json\/wp\/v2\/posts\/1\/revisions\/194"}],"wp:featuredmedia":[{"embeddable":true,"href":"https:\/\/www.ccba.org.br\/agriculturaurbana\/wp-json\/wp\/v2\/media\/17"}],"wp:attachment":[{"href":"https:\/\/www.ccba.org.br\/agriculturaurbana\/wp-json\/wp\/v2\/media?parent=1"}],"wp:term":[{"taxonomy":"category","embeddable":true,"href":"https:\/\/www.ccba.org.br\/agriculturaurbana\/wp-json\/wp\/v2\/categories?post=1"},{"taxonomy":"post_tag","embeddable":true,"href":"https:\/\/www.ccba.org.br\/agriculturaurbana\/wp-json\/wp\/v2\/tags?post=1"}],"curies":[{"name":"wp","href":"https:\/\/api.w.org\/{rel}","templated":true}]}}